{"id":17213,"date":"2022-02-26T09:51:05","date_gmt":"2022-02-26T08:51:05","guid":{"rendered":"https:\/\/ulysseus.eu\/?p=17213"},"modified":"2022-12-14T15:13:18","modified_gmt":"2022-12-14T14:13:18","slug":"public-statement-of-ulysseus-on-the-military-agression-in-ukraine","status":"publish","type":"news","link":"https:\/\/ulysseus.eu\/sk\/news\/public-statement-of-ulysseus-on-the-military-agression-in-ukraine\/","title":{"rendered":"Public statement of Ulysseus European University on the military agression in Ukraine"},"content":{"rendered":"<p>Ulysseus European University condemns any forms of violence towards any social group or individual. In view of last days\u2019 events, we publicly condemn the unjustified military aggression of Russia against Ukraine. Ulysseus expresses its solidarity with the citizens of Ukraine, as well as the Ukrainian academic and research institutions and community.<\/p>\n<p>Ulysseus is the University for the citizens of the future. In this future that we envision, there is no place for armed conflicts and military attacks. And only education has the power to provoke this change. Safe learning spaces must be built, not destroyed.<\/p>\n<p>Events like the ones we are living these days threaten the work of many generations to build a peaceful Europe and world, to construct cohesive yet diverse communities, always based on knowledge and common work. Therefore, we call for the immediate cease of violence in Ukraine.<\/p>\n<p>We reaffirm our commitment to the values of democracy, human rights and rule of law.<\/p>\n<p>Read <a href=\"https:\/\/ulysseus.eu\/public-statement-of-ulysseus-students-on-the-military-agression-in-ukraine\/\"><strong>here <\/strong><\/a>the public statement of Ulysseus\u2019 students on the military agression in Ukraine.<\/p>\n<h2>About Ulysseus<\/h2>\n<p>Ulysseus is <strong>one of the 41 European Universities<\/strong> selected by the European Commission to become the universities of the future. Led by the <strong>University of Seville<\/strong> together with five other universities in Europe (<strong>the University of Genoa<\/strong>, Italy; <strong>Universit\u00e9 C\u00f4te d\u2019Azur<\/strong>, France; the<strong> Technical University of Ko\u0161ice<\/strong>, Slovakia; <strong>MCI | The Entrepreneurial School\u00ae<\/strong>, Austria; and <strong>Haaga-Helia University of Applied Sciences<\/strong>, Finland), the project will allow students, researchers and graduates to move freely between universities, carry out internships in companies and start high-impact research projects.<\/p>\n","protected":false},"featured_media":17217,"comment_status":"closed","ping_status":"open","template":"","tags":[54,56],"class_list":["post-17213","news","type-news","status-publish","has-post-thumbnail","hentry","tag-public-statement","tag-ukraine"],"acf":[],"yoast_head":"<!-- This site is optimized with the Yoast SEO plugin v27.1.1 - https:\/\/yoast.com\/product\/yoast-seo-wordpress\/ -->\n<title>Public statement of Ulysseus European University on the military agression in Ukraine - Ulysseus<\/title>\n<meta name=\"description\" content=\"Ulysseus expresses its solidarity with the citizens of Ukraine, as well as the Ukrainian academic and research institutions and community\" \/>\n<meta name=\"robots\" content=\"index, follow, max-snippet:-1, max-image-preview:large, max-video-preview:-1\" \/>\n<link rel=\"canonical\" href=\"https:\/\/ulysseus.eu\/sk\/news\/public-statement-of-ulysseus-on-the-military-agression-in-ukraine\/\" \/>\n<meta property=\"og:locale\" content=\"sk_SK\" \/>\n<meta property=\"og:type\" content=\"article\" \/>\n<meta property=\"og:title\" content=\"Public statement of Ulysseus European University on the military agression in Ukraine - Ulysseus\" \/>\n<meta property=\"og:description\" content=\"Ulysseus expresses its solidarity with the citizens of Ukraine, as well as the Ukrainian academic and research institutions and community\" \/>\n<meta property=\"og:url\" content=\"https:\/\/ulysseus.eu\/sk\/news\/public-statement-of-ulysseus-on-the-military-agression-in-ukraine\/\" \/>\n<meta property=\"og:site_name\" content=\"Ulysseus\" \/>\n<meta property=\"article:modified_time\" content=\"2022-12-14T14:13:18+00:00\" \/>\n<meta property=\"og:image\" content=\"https:\/\/ulysseus.eu\/wp-content\/uploads\/2022\/02\/Ukraine-banner-for-Ulysseus-statement.jpg\" \/>\n\t<meta property=\"og:image:width\" content=\"1920\" \/>\n\t<meta property=\"og:image:height\" content=\"1080\" \/>\n\t<meta property=\"og:image:type\" content=\"image\/jpeg\" \/>\n<meta name=\"twitter:card\" content=\"summary_large_image\" \/>\n<meta name=\"twitter:label1\" content=\"Predpokladan\u00fd \u010das \u010d\u00edtania\" \/>\n\t<meta name=\"twitter:data1\" content=\"2 min\u00faty\" \/>\n<script type=\"application\/ld+json\" class=\"yoast-schema-graph\">{\"@context\":\"https:\/\/schema.org\",\"@graph\":[{\"@type\":\"WebPage\",\"@id\":\"https:\/\/ulysseus.eu\/sk\/news\/public-statement-of-ulysseus-on-the-military-agression-in-ukraine\/\",\"url\":\"https:\/\/ulysseus.eu\/sk\/news\/public-statement-of-ulysseus-on-the-military-agression-in-ukraine\/\",\"name\":\"Public statement of Ulysseus European University on the military agression in Ukraine - Ulysseus\",\"isPartOf\":{\"@id\":\"https:\/\/ulysseus.eu\/sk\/#website\"},\"primaryImageOfPage\":{\"@id\":\"https:\/\/ulysseus.eu\/sk\/news\/public-statement-of-ulysseus-on-the-military-agression-in-ukraine\/#primaryimage\"},\"image\":{\"@id\":\"https:\/\/ulysseus.eu\/sk\/news\/public-statement-of-ulysseus-on-the-military-agression-in-ukraine\/#primaryimage\"},\"thumbnailUrl\":\"https:\/\/ulysseus.eu\/wp-content\/uploads\/2022\/02\/Ukraine-banner-for-Ulysseus-statement.jpg\",\"datePublished\":\"2022-02-26T08:51:05+00:00\",\"dateModified\":\"2022-12-14T14:13:18+00:00\",\"description\":\"Ulysseus expresses its solidarity with the citizens of Ukraine, as well as the Ukrainian academic and research institutions and community\",\"inLanguage\":\"sk-SK\",\"potentialAction\":[{\"@type\":\"ReadAction\",\"target\":[\"https:\/\/ulysseus.eu\/sk\/news\/public-statement-of-ulysseus-on-the-military-agression-in-ukraine\/\"]}]},{\"@type\":\"ImageObject\",\"inLanguage\":\"sk-SK\",\"@id\":\"https:\/\/ulysseus.eu\/sk\/news\/public-statement-of-ulysseus-on-the-military-agression-in-ukraine\/#primaryimage\",\"url\":\"https:\/\/ulysseus.eu\/wp-content\/uploads\/2022\/02\/Ukraine-banner-for-Ulysseus-statement.jpg\",\"contentUrl\":\"https:\/\/ulysseus.eu\/wp-content\/uploads\/2022\/02\/Ukraine-banner-for-Ulysseus-statement.jpg\",\"width\":1920,\"height\":1080},{\"@type\":\"WebSite\",\"@id\":\"https:\/\/ulysseus.eu\/sk\/#website\",\"url\":\"https:\/\/ulysseus.eu\/sk\/\",\"name\":\"Ulysseus\",\"description\":\"European University\",\"publisher\":{\"@id\":\"https:\/\/ulysseus.eu\/sk\/#organization\"},\"potentialAction\":[{\"@type\":\"SearchAction\",\"target\":{\"@type\":\"EntryPoint\",\"urlTemplate\":\"https:\/\/ulysseus.eu\/sk\/?s={search_term_string}\"},\"query-input\":{\"@type\":\"PropertyValueSpecification\",\"valueRequired\":true,\"valueName\":\"search_term_string\"}}],\"inLanguage\":\"sk-SK\"},{\"@type\":\"Organization\",\"@id\":\"https:\/\/ulysseus.eu\/sk\/#organization\",\"name\":\"Ulysseus\",\"alternateName\":\"European University\",\"url\":\"https:\/\/ulysseus.eu\/sk\/\",\"logo\":{\"@type\":\"ImageObject\",\"inLanguage\":\"sk-SK\",\"@id\":\"https:\/\/ulysseus.eu\/sk\/#\/schema\/logo\/image\/\",\"url\":\"https:\/\/ulysseus.eu\/wp-content\/uploads\/2022\/02\/Ulysseus-Logo-01-MainVersion-2.png\",\"contentUrl\":\"https:\/\/ulysseus.eu\/wp-content\/uploads\/2022\/02\/Ulysseus-Logo-01-MainVersion-2.png\",\"width\":3508,\"height\":2481,\"caption\":\"Ulysseus\"},\"image\":{\"@id\":\"https:\/\/ulysseus.eu\/sk\/#\/schema\/logo\/image\/\"}}]}<\/script>\n<!-- \/ Yoast SEO plugin. -->","yoast_head_json":{"title":"Public statement of Ulysseus European University on the military agression in Ukraine - Ulysseus","description":"Ulysseus expresses its solidarity with the citizens of Ukraine, as well as the Ukrainian academic and research institutions and community","robots":{"index":"index","follow":"follow","max-snippet":"max-snippet:-1","max-image-preview":"max-image-preview:large","max-video-preview":"max-video-preview:-1"},"canonical":"https:\/\/ulysseus.eu\/sk\/news\/public-statement-of-ulysseus-on-the-military-agression-in-ukraine\/","og_locale":"sk_SK","og_type":"article","og_title":"Public statement of Ulysseus European University on the military agression in Ukraine - Ulysseus","og_description":"Ulysseus expresses its solidarity with the citizens of Ukraine, as well as the Ukrainian academic and research institutions and community","og_url":"https:\/\/ulysseus.eu\/sk\/news\/public-statement-of-ulysseus-on-the-military-agression-in-ukraine\/","og_site_name":"Ulysseus","article_modified_time":"2022-12-14T14:13:18+00:00","og_image":[{"width":1920,"height":1080,"url":"https:\/\/ulysseus.eu\/wp-content\/uploads\/2022\/02\/Ukraine-banner-for-Ulysseus-statement.jpg","type":"image\/jpeg"}],"twitter_card":"summary_large_image","twitter_misc":{"Predpokladan\u00fd \u010das \u010d\u00edtania":"2 min\u00faty"},"schema":{"@context":"https:\/\/schema.org","@graph":[{"@type":"WebPage","@id":"https:\/\/ulysseus.eu\/sk\/news\/public-statement-of-ulysseus-on-the-military-agression-in-ukraine\/","url":"https:\/\/ulysseus.eu\/sk\/news\/public-statement-of-ulysseus-on-the-military-agression-in-ukraine\/","name":"Public statement of Ulysseus European University on the military agression in Ukraine - Ulysseus","isPartOf":{"@id":"https:\/\/ulysseus.eu\/sk\/#website"},"primaryImageOfPage":{"@id":"https:\/\/ulysseus.eu\/sk\/news\/public-statement-of-ulysseus-on-the-military-agression-in-ukraine\/#primaryimage"},"image":{"@id":"https:\/\/ulysseus.eu\/sk\/news\/public-statement-of-ulysseus-on-the-military-agression-in-ukraine\/#primaryimage"},"thumbnailUrl":"https:\/\/ulysseus.eu\/wp-content\/uploads\/2022\/02\/Ukraine-banner-for-Ulysseus-statement.jpg","datePublished":"2022-02-26T08:51:05+00:00","dateModified":"2022-12-14T14:13:18+00:00","description":"Ulysseus expresses its solidarity with the citizens of Ukraine, as well as the Ukrainian academic and research institutions and community","inLanguage":"sk-SK","potentialAction":[{"@type":"ReadAction","target":["https:\/\/ulysseus.eu\/sk\/news\/public-statement-of-ulysseus-on-the-military-agression-in-ukraine\/"]}]},{"@type":"ImageObject","inLanguage":"sk-SK","@id":"https:\/\/ulysseus.eu\/sk\/news\/public-statement-of-ulysseus-on-the-military-agression-in-ukraine\/#primaryimage","url":"https:\/\/ulysseus.eu\/wp-content\/uploads\/2022\/02\/Ukraine-banner-for-Ulysseus-statement.jpg","contentUrl":"https:\/\/ulysseus.eu\/wp-content\/uploads\/2022\/02\/Ukraine-banner-for-Ulysseus-statement.jpg","width":1920,"height":1080},{"@type":"WebSite","@id":"https:\/\/ulysseus.eu\/sk\/#website","url":"https:\/\/ulysseus.eu\/sk\/","name":"Ulysseus","description":"European University","publisher":{"@id":"https:\/\/ulysseus.eu\/sk\/#organization"},"potentialAction":[{"@type":"SearchAction","target":{"@type":"EntryPoint","urlTemplate":"https:\/\/ulysseus.eu\/sk\/?s={search_term_string}"},"query-input":{"@type":"PropertyValueSpecification","valueRequired":true,"valueName":"search_term_string"}}],"inLanguage":"sk-SK"},{"@type":"Organization","@id":"https:\/\/ulysseus.eu\/sk\/#organization","name":"Ulysseus","alternateName":"European University","url":"https:\/\/ulysseus.eu\/sk\/","logo":{"@type":"ImageObject","inLanguage":"sk-SK","@id":"https:\/\/ulysseus.eu\/sk\/#\/schema\/logo\/image\/","url":"https:\/\/ulysseus.eu\/wp-content\/uploads\/2022\/02\/Ulysseus-Logo-01-MainVersion-2.png","contentUrl":"https:\/\/ulysseus.eu\/wp-content\/uploads\/2022\/02\/Ulysseus-Logo-01-MainVersion-2.png","width":3508,"height":2481,"caption":"Ulysseus"},"image":{"@id":"https:\/\/ulysseus.eu\/sk\/#\/schema\/logo\/image\/"}}]}},"_links":{"self":[{"href":"https:\/\/ulysseus.eu\/sk\/wp-json\/wp\/v2\/news\/17213","targetHints":{"allow":["GET"]}}],"collection":[{"href":"https:\/\/ulysseus.eu\/sk\/wp-json\/wp\/v2\/news"}],"about":[{"href":"https:\/\/ulysseus.eu\/sk\/wp-json\/wp\/v2\/types\/news"}],"replies":[{"embeddable":true,"href":"https:\/\/ulysseus.eu\/sk\/wp-json\/wp\/v2\/comments?post=17213"}],"version-history":[{"count":4,"href":"https:\/\/ulysseus.eu\/sk\/wp-json\/wp\/v2\/news\/17213\/revisions"}],"predecessor-version":[{"id":33813,"href":"https:\/\/ulysseus.eu\/sk\/wp-json\/wp\/v2\/news\/17213\/revisions\/33813"}],"wp:featuredmedia":[{"embeddable":true,"href":"https:\/\/ulysseus.eu\/sk\/wp-json\/wp\/v2\/media\/17217"}],"wp:attachment":[{"href":"https:\/\/ulysseus.eu\/sk\/wp-json\/wp\/v2\/media?parent=17213"}],"wp:term":[{"taxonomy":"post_tag","embeddable":true,"href":"https:\/\/ulysseus.eu\/sk\/wp-json\/wp\/v2\/tags?post=17213"}],"curies":[{"name":"wp","href":"https:\/\/api.w.org\/{rel}","templated":true}]}}