{"id":93044,"date":"2025-07-18T11:35:24","date_gmt":"2025-07-18T09:35:24","guid":{"rendered":"https:\/\/ulysseus.eu\/news\/el-seminario-internacional-de-neema-analiza-las-vias-para-alcanzar-la-resiliencia-alimentaria-y-nutricional-en-africa-occidental\/"},"modified":"2026-08-12T10:28:59","modified_gmt":"2026-08-12T08:28:59","slug":"el-seminario-internacional-de-neema-analiza-las-vias-para-alcanzar-la-resiliencia-alimentaria-y-nutricional-en-africa-occidental","status":"publish","type":"news","link":"https:\/\/ulysseus.eu\/es\/news\/el-seminario-internacional-de-neema-analiza-las-vias-para-alcanzar-la-resiliencia-alimentaria-y-nutricional-en-africa-occidental\/","title":{"rendered":"El seminario internacional de NEEMA analiza las v\u00edas para alcanzar la resiliencia alimentaria y nutricional en \u00c1frica Occidental"},"content":{"rendered":"\n<p class=\"wp-block-paragraph\">La Universidad de Sevilla acoger\u00e1 el Seminario Internacional sobre Observatorios de Resiliencia Alimentaria y Nutricional del 14 al 18 de julio de 2025. Este evento, que forma parte del proyecto m\u00e1s amplio NEEMA de la Universidad Europea Ulysseus, reunir\u00e1 a importantes instituciones acad\u00e9micas de \u00c1frica y Europa. Entre los asistentes se encuentran representantes de la Universidad Cheikh Anta Diop y la Universidad Amadou Mahtar Mbow de Senegal, la Universidad de Ciencias Jur\u00eddicas y Pol\u00edticas de Bamako de Mal\u00ed, la Universidad de Niamey y la Universidad de Tahoua de N\u00edger, y la Universidad Thomas Sankara de Burkina Faso, junto con la instituci\u00f3n coordinadora, la Universidad de Sevilla.<\/p>\n\n<figure class=\"wp-block-image size-large\"><img loading=\"lazy\" decoding=\"async\" width=\"1002\" height=\"1024\" src=\"https:\/\/ulysseus.eu\/wp-content\/uploads\/2025\/07\/IMG_3705-1002x1024.avif\" alt=\"Reuni&#xF3;n de NEEMA en Sevilla\" class=\"wp-image-85751\" srcset=\"https:\/\/ulysseus.eu\/wp-content\/uploads\/2025\/07\/IMG_3705-1002x1024.avif 1002w, https:\/\/ulysseus.eu\/wp-content\/uploads\/2025\/07\/IMG_3705-294x300.avif 294w, https:\/\/ulysseus.eu\/wp-content\/uploads\/2025\/07\/IMG_3705-768x785.avif 768w, https:\/\/ulysseus.eu\/wp-content\/uploads\/2025\/07\/IMG_3705-1200x1226.avif 1200w, https:\/\/ulysseus.eu\/wp-content\/uploads\/2025\/07\/IMG_3705.avif 1468w\" sizes=\"auto, (max-width: 1002px) 100vw, 1002px\" \/><\/figure>\n\n<h3 class=\"wp-block-heading\">Reuni\u00f3n de Neema en Sevilla<\/h3>\n\n<p class=\"wp-block-paragraph\">Uno de los temas centrales del seminario es el desarrollo del conjunto de herramientas sobre resiliencia alimentaria y nutricional (FNR), que est\u00e1 a cargo de la Universidad de Sevilla. Este conjunto de herramientas supone un hito estrat\u00e9gico para el proyecto NEEMA y est\u00e1 dise\u00f1ado para apoyar a diversas partes interesadas, entre ellas educadores, estudiantes, trabajadores humanitarios y responsables de la toma de decisiones. Proporcionar\u00e1 orientaci\u00f3n pr\u00e1ctica y recursos pedag\u00f3gicos para mejorar la prestaci\u00f3n de ayuda alimentaria y reforzar la resiliencia de las comunidades en regiones que se enfrentan a la inseguridad alimentaria.<\/p>\n\n<h3 class=\"wp-block-heading\"><strong>Observatorios de resiliencia: un enfoque colaborativo para el seguimiento y el intercambio de soluciones en materia de seguridad alimentaria<\/strong><\/h3>\n\n<p class=\"wp-block-paragraph\">Adem\u00e1s del conjunto de herramientas, el seminario incluye la presentaci\u00f3n y el debate sobre la iniciativa para crear observatorios de resiliencia alimentaria y nutricional en toda \u00c1frica Occidental. Estos observatorios se conciben como plataformas de seguimiento, an\u00e1lisis y orientaci\u00f3n en materia de pol\u00edticas. Representantes de las universidades africanas asociadas participaron en la sesi\u00f3n para intercambiar ideas sobre la estructura, los objetivos y las estrategias de puesta en marcha de dichos observatorios.<\/p>\n\n<p class=\"wp-block-paragraph\">Un aspecto especialmente enriquecedor del seminario es la mesa redonda dedicada a analizar observatorios similares en otras partes del mundo y a compartir las mejores pr\u00e1cticas. Entre los principales ponentes de esta sesi\u00f3n se encuentran Mar\u00eda Teresa Gonz\u00e1lez Montero, que present\u00f3 la experiencia del Observatorio de Am\u00e9rica Latina y el Caribe sobre el Derecho a la Alimentaci\u00f3n; Noelle Salah Cvitacovic, de la FAO; H\u00e9ctor Silveira, que habl\u00f3 sobre el Observatorio Espa\u00f1ol sobre el Derecho a la Alimentaci\u00f3n; Judith Kambore, del Movimiento SUN (Scaling Up Nutrition); y Lisbeth Paillacho y sus colegas de la Universidad de Buyi Mayi, en la Rep\u00fablica Democr\u00e1tica del Congo. Las aportaciones de Expertise France y de Otilia Cordero, quien tambi\u00e9n comparti\u00f3 sus conocimientos sobre el contexto latinoamericano, enriquecieron a\u00fan m\u00e1s el di\u00e1logo.<\/p>\n\n<p class=\"wp-block-paragraph\">El seminario incluye tambi\u00e9n una presentaci\u00f3n sobre la III Cumbre Parlamentaria contra el Hambre en \u00c1frica, en la que participa la Organizaci\u00f3n de las Naciones Unidas para la Alimentaci\u00f3n y la Agricultura (FAO). Asimismo, se est\u00e1 celebrando un debate sobre la Declaraci\u00f3n de las Naciones Unidas sobre los Derechos de los Campesinos, en el que se exponen diversas perspectivas de representantes de la FAO e invitados de pa\u00edses como Indonesia, el Reino Unido, N\u00edger y Espa\u00f1a.<\/p>\n\n<p class=\"wp-block-paragraph\">Este encuentro internacional refleja la misi\u00f3n m\u00e1s amplia de NEEMA de fortalecer las instituciones de educaci\u00f3n superior en \u00c1frica Occidental y desarrollar herramientas y redes innovadoras para promover la seguridad alimentaria y nutricional. Se espera que los resultados de esta semana contribuyan de manera sustancial a los objetivos generales del proyecto NEEMA y a la cooperaci\u00f3n regional en materia de resiliencia alimentaria.<\/p>\n\n<figure class=\"wp-block-image size-large\"><img loading=\"lazy\" decoding=\"async\" width=\"922\" height=\"1024\" src=\"https:\/\/ulysseus.eu\/wp-content\/uploads\/2025\/07\/IMG_3713-922x1024.avif\" alt=\"Carmen Vargas, coordinadora general de Ulysseus, y Roc&#xED;o Mart&#xED;nez de Pablos, directora acad&#xE9;mica de Ulysseus \" class=\"wp-image-85759\" srcset=\"https:\/\/ulysseus.eu\/wp-content\/uploads\/2025\/07\/IMG_3713-922x1024.avif 922w, https:\/\/ulysseus.eu\/wp-content\/uploads\/2025\/07\/IMG_3713-270x300.avif 270w, https:\/\/ulysseus.eu\/wp-content\/uploads\/2025\/07\/IMG_3713-768x853.avif 768w, https:\/\/ulysseus.eu\/wp-content\/uploads\/2025\/07\/IMG_3713-1200x1333.avif 1200w, https:\/\/ulysseus.eu\/wp-content\/uploads\/2025\/07\/IMG_3713.avif 1350w\" sizes=\"auto, (max-width: 922px) 100vw, 922px\" \/><\/figure>\n\n<h3 class=\"wp-block-heading\"><strong>Sobre NEEMA<\/strong><\/h3>\n\n<p class=\"wp-block-paragraph\">NEEMA es un proyecto de capacitaci\u00f3n de 36 meses de duraci\u00f3n de la Universidad Europea Ulysseus, financiado a trav\u00e9s del programa ERASMUS+. Se ajusta al Pacto Verde Europeo y a la Estrategia \u00abDe la granja a la mesa\u00bb, adaptando estos marcos a los retos \u00fanicos del Sahel y \u00c1frica Occidental.<\/p>\n\n<p class=\"wp-block-paragraph\">Dirigido por la Universidad de Sevilla, NEEMA pretende mejorar la resiliencia alimentaria y nutricional, centr\u00e1ndose en las poblaciones vulnerables. En el proyecto participan 14 universidades de \u00c1frica y Europa, que fomentan la colaboraci\u00f3n, dise\u00f1an planes de estudio contextuales y ponen en marcha iniciativas piloto para reforzar las capacidades locales en materia de seguridad y sostenibilidad alimentarias. &#13;\n&#13;\n <\/p>\n\n<p class=\"wp-block-paragraph\"><\/p>\n","protected":false},"featured_media":85750,"comment_status":"closed","ping_status":"closed","template":"","tags":[441],"class_list":["post-93044","news","type-news","status-publish","has-post-thumbnail","hentry","tag-neema-es"],"acf":[],"yoast_head":"<!-- This site is optimized with the Yoast SEO plugin v28.3 - https:\/\/yoast.com\/product\/yoast-seo-wordpress\/ -->\n<title>El seminario internacional de NEEMA analiza las v\u00edas para alcanzar la resiliencia alimentaria y nutricional en \u00c1frica Occidental - Ulysseus<\/title>\n<meta name=\"description\" content=\"La Universidad de Sevilla acoge el Seminario Internacional NEEMA sobre Observatorios de Resiliencia Alimentaria y Nutricional\" \/>\n<meta name=\"robots\" content=\"index, follow, max-snippet:-1, max-image-preview:large, max-video-preview:-1\" \/>\n<link rel=\"canonical\" href=\"https:\/\/ulysseus.eu\/es\/news\/el-seminario-internacional-de-neema-analiza-las-vias-para-alcanzar-la-resiliencia-alimentaria-y-nutricional-en-africa-occidental\/\" \/>\n<meta property=\"og:locale\" content=\"es_ES\" \/>\n<meta property=\"og:type\" content=\"article\" \/>\n<meta property=\"og:title\" content=\"El seminario internacional de NEEMA analiza las v\u00edas para alcanzar la resiliencia alimentaria y nutricional en \u00c1frica Occidental - Ulysseus\" \/>\n<meta property=\"og:description\" content=\"La Universidad de Sevilla acoge el Seminario Internacional NEEMA sobre Observatorios de Resiliencia Alimentaria y Nutricional\" \/>\n<meta property=\"og:url\" content=\"https:\/\/ulysseus.eu\/es\/news\/el-seminario-internacional-de-neema-analiza-las-vias-para-alcanzar-la-resiliencia-alimentaria-y-nutricional-en-africa-occidental\/\" \/>\n<meta property=\"og:site_name\" content=\"Ulysseus\" \/>\n<meta property=\"article:publisher\" content=\"https:\/\/www.facebook.com\/UlysseusEuropeanUniversity\/\" \/>\n<meta property=\"article:modified_time\" content=\"2026-08-12T08:28:59+00:00\" \/>\n<meta property=\"og:image\" content=\"https:\/\/ulysseus.eu\/wp-content\/uploads\/2025\/07\/IMG_3689.avif\" \/>\n\t<meta property=\"og:image:width\" content=\"1500\" \/>\n\t<meta property=\"og:image:height\" content=\"849\" \/>\n\t<meta property=\"og:image:type\" content=\"image\/jpeg\" \/>\n<meta name=\"twitter:card\" content=\"summary_large_image\" \/>\n<meta name=\"twitter:label1\" content=\"Tiempo de lectura\" \/>\n\t<meta name=\"twitter:data1\" content=\"4 minutos\" \/>\n<script type=\"application\/ld+json\" class=\"yoast-schema-graph\">{\"@context\":\"https:\\\/\\\/schema.org\",\"@graph\":[{\"@type\":\"WebPage\",\"@id\":\"https:\\\/\\\/ulysseus.eu\\\/es\\\/news\\\/el-seminario-internacional-de-neema-analiza-las-vias-para-alcanzar-la-resiliencia-alimentaria-y-nutricional-en-africa-occidental\\\/\",\"url\":\"https:\\\/\\\/ulysseus.eu\\\/es\\\/news\\\/el-seminario-internacional-de-neema-analiza-las-vias-para-alcanzar-la-resiliencia-alimentaria-y-nutricional-en-africa-occidental\\\/\",\"name\":\"El seminario internacional de NEEMA analiza las v\u00edas para alcanzar la resiliencia alimentaria y nutricional en \u00c1frica Occidental - Ulysseus\",\"isPartOf\":{\"@id\":\"https:\\\/\\\/ulysseus.eu\\\/es\\\/#website\"},\"primaryImageOfPage\":{\"@id\":\"https:\\\/\\\/ulysseus.eu\\\/es\\\/news\\\/el-seminario-internacional-de-neema-analiza-las-vias-para-alcanzar-la-resiliencia-alimentaria-y-nutricional-en-africa-occidental\\\/#primaryimage\"},\"image\":{\"@id\":\"https:\\\/\\\/ulysseus.eu\\\/es\\\/news\\\/el-seminario-internacional-de-neema-analiza-las-vias-para-alcanzar-la-resiliencia-alimentaria-y-nutricional-en-africa-occidental\\\/#primaryimage\"},\"thumbnailUrl\":\"https:\\\/\\\/ulysseus.eu\\\/wp-content\\\/uploads\\\/2025\\\/07\\\/IMG_3689.avif\",\"datePublished\":\"2025-07-18T09:35:24+00:00\",\"dateModified\":\"2026-08-12T08:28:59+00:00\",\"description\":\"La Universidad de Sevilla acoge el Seminario Internacional NEEMA sobre Observatorios de Resiliencia Alimentaria y Nutricional\",\"inLanguage\":\"es\",\"potentialAction\":[{\"@type\":\"ReadAction\",\"target\":[\"https:\\\/\\\/ulysseus.eu\\\/es\\\/news\\\/el-seminario-internacional-de-neema-analiza-las-vias-para-alcanzar-la-resiliencia-alimentaria-y-nutricional-en-africa-occidental\\\/\"]}]},{\"@type\":\"ImageObject\",\"inLanguage\":\"es\",\"@id\":\"https:\\\/\\\/ulysseus.eu\\\/es\\\/news\\\/el-seminario-internacional-de-neema-analiza-las-vias-para-alcanzar-la-resiliencia-alimentaria-y-nutricional-en-africa-occidental\\\/#primaryimage\",\"url\":\"https:\\\/\\\/ulysseus.eu\\\/wp-content\\\/uploads\\\/2025\\\/07\\\/IMG_3689.avif\",\"contentUrl\":\"https:\\\/\\\/ulysseus.eu\\\/wp-content\\\/uploads\\\/2025\\\/07\\\/IMG_3689.avif\",\"width\":1500,\"height\":849,\"caption\":\"Neema team\"},{\"@type\":\"WebSite\",\"@id\":\"https:\\\/\\\/ulysseus.eu\\\/es\\\/#website\",\"url\":\"https:\\\/\\\/ulysseus.eu\\\/es\\\/\",\"name\":\"Ulysseus\",\"description\":\"European University\",\"publisher\":{\"@id\":\"https:\\\/\\\/ulysseus.eu\\\/es\\\/#organization\"},\"potentialAction\":[{\"@type\":\"SearchAction\",\"target\":{\"@type\":\"EntryPoint\",\"urlTemplate\":\"https:\\\/\\\/ulysseus.eu\\\/es\\\/?s={search_term_string}\"},\"query-input\":{\"@type\":\"PropertyValueSpecification\",\"valueRequired\":true,\"valueName\":\"search_term_string\"}}],\"inLanguage\":\"es\"},{\"@type\":\"Organization\",\"@id\":\"https:\\\/\\\/ulysseus.eu\\\/es\\\/#organization\",\"name\":\"Ulysseus\",\"alternateName\":\"European University\",\"url\":\"https:\\\/\\\/ulysseus.eu\\\/es\\\/\",\"logo\":{\"@type\":\"ImageObject\",\"inLanguage\":\"es\",\"@id\":\"https:\\\/\\\/ulysseus.eu\\\/es\\\/#\\\/schema\\\/logo\\\/image\\\/\",\"url\":\"https:\\\/\\\/ulysseus.eu\\\/wp-content\\\/uploads\\\/2022\\\/02\\\/Ulysseus-Logo-01-MainVersion-2.png\",\"contentUrl\":\"https:\\\/\\\/ulysseus.eu\\\/wp-content\\\/uploads\\\/2022\\\/02\\\/Ulysseus-Logo-01-MainVersion-2.png\",\"width\":3508,\"height\":2481,\"caption\":\"Ulysseus\"},\"image\":{\"@id\":\"https:\\\/\\\/ulysseus.eu\\\/es\\\/#\\\/schema\\\/logo\\\/image\\\/\"},\"sameAs\":[\"https:\\\/\\\/www.facebook.com\\\/UlysseusEuropeanUniversity\\\/\",\"https:\\\/\\\/www.instagram.com\\\/ulysseus_eu\\\/\"]}]}<\/script>\n<!-- \/ Yoast SEO plugin. -->","yoast_head_json":{"title":"El seminario internacional de NEEMA analiza las v\u00edas para alcanzar la resiliencia alimentaria y nutricional en \u00c1frica Occidental - Ulysseus","description":"La Universidad de Sevilla acoge el Seminario Internacional NEEMA sobre Observatorios de Resiliencia Alimentaria y Nutricional","robots":{"index":"index","follow":"follow","max-snippet":"max-snippet:-1","max-image-preview":"max-image-preview:large","max-video-preview":"max-video-preview:-1"},"canonical":"https:\/\/ulysseus.eu\/es\/news\/el-seminario-internacional-de-neema-analiza-las-vias-para-alcanzar-la-resiliencia-alimentaria-y-nutricional-en-africa-occidental\/","og_locale":"es_ES","og_type":"article","og_title":"El seminario internacional de NEEMA analiza las v\u00edas para alcanzar la resiliencia alimentaria y nutricional en \u00c1frica Occidental - Ulysseus","og_description":"La Universidad de Sevilla acoge el Seminario Internacional NEEMA sobre Observatorios de Resiliencia Alimentaria y Nutricional","og_url":"https:\/\/ulysseus.eu\/es\/news\/el-seminario-internacional-de-neema-analiza-las-vias-para-alcanzar-la-resiliencia-alimentaria-y-nutricional-en-africa-occidental\/","og_site_name":"Ulysseus","article_publisher":"https:\/\/www.facebook.com\/UlysseusEuropeanUniversity\/","article_modified_time":"2026-08-12T08:28:59+00:00","og_image":[{"width":1500,"height":849,"url":"https:\/\/ulysseus.eu\/wp-content\/uploads\/2025\/07\/IMG_3689.avif","type":"image\/jpeg"}],"twitter_card":"summary_large_image","twitter_misc":{"Tiempo de lectura":"4 minutos"},"schema":{"@context":"https:\/\/schema.org","@graph":[{"@type":"WebPage","@id":"https:\/\/ulysseus.eu\/es\/news\/el-seminario-internacional-de-neema-analiza-las-vias-para-alcanzar-la-resiliencia-alimentaria-y-nutricional-en-africa-occidental\/","url":"https:\/\/ulysseus.eu\/es\/news\/el-seminario-internacional-de-neema-analiza-las-vias-para-alcanzar-la-resiliencia-alimentaria-y-nutricional-en-africa-occidental\/","name":"El seminario internacional de NEEMA analiza las v\u00edas para alcanzar la resiliencia alimentaria y nutricional en \u00c1frica Occidental - Ulysseus","isPartOf":{"@id":"https:\/\/ulysseus.eu\/es\/#website"},"primaryImageOfPage":{"@id":"https:\/\/ulysseus.eu\/es\/news\/el-seminario-internacional-de-neema-analiza-las-vias-para-alcanzar-la-resiliencia-alimentaria-y-nutricional-en-africa-occidental\/#primaryimage"},"image":{"@id":"https:\/\/ulysseus.eu\/es\/news\/el-seminario-internacional-de-neema-analiza-las-vias-para-alcanzar-la-resiliencia-alimentaria-y-nutricional-en-africa-occidental\/#primaryimage"},"thumbnailUrl":"https:\/\/ulysseus.eu\/wp-content\/uploads\/2025\/07\/IMG_3689.avif","datePublished":"2025-07-18T09:35:24+00:00","dateModified":"2026-08-12T08:28:59+00:00","description":"La Universidad de Sevilla acoge el Seminario Internacional NEEMA sobre Observatorios de Resiliencia Alimentaria y Nutricional","inLanguage":"es","potentialAction":[{"@type":"ReadAction","target":["https:\/\/ulysseus.eu\/es\/news\/el-seminario-internacional-de-neema-analiza-las-vias-para-alcanzar-la-resiliencia-alimentaria-y-nutricional-en-africa-occidental\/"]}]},{"@type":"ImageObject","inLanguage":"es","@id":"https:\/\/ulysseus.eu\/es\/news\/el-seminario-internacional-de-neema-analiza-las-vias-para-alcanzar-la-resiliencia-alimentaria-y-nutricional-en-africa-occidental\/#primaryimage","url":"https:\/\/ulysseus.eu\/wp-content\/uploads\/2025\/07\/IMG_3689.avif","contentUrl":"https:\/\/ulysseus.eu\/wp-content\/uploads\/2025\/07\/IMG_3689.avif","width":1500,"height":849,"caption":"Neema team"},{"@type":"WebSite","@id":"https:\/\/ulysseus.eu\/es\/#website","url":"https:\/\/ulysseus.eu\/es\/","name":"Ulysseus","description":"European University","publisher":{"@id":"https:\/\/ulysseus.eu\/es\/#organization"},"potentialAction":[{"@type":"SearchAction","target":{"@type":"EntryPoint","urlTemplate":"https:\/\/ulysseus.eu\/es\/?s={search_term_string}"},"query-input":{"@type":"PropertyValueSpecification","valueRequired":true,"valueName":"search_term_string"}}],"inLanguage":"es"},{"@type":"Organization","@id":"https:\/\/ulysseus.eu\/es\/#organization","name":"Ulysseus","alternateName":"European University","url":"https:\/\/ulysseus.eu\/es\/","logo":{"@type":"ImageObject","inLanguage":"es","@id":"https:\/\/ulysseus.eu\/es\/#\/schema\/logo\/image\/","url":"https:\/\/ulysseus.eu\/wp-content\/uploads\/2022\/02\/Ulysseus-Logo-01-MainVersion-2.png","contentUrl":"https:\/\/ulysseus.eu\/wp-content\/uploads\/2022\/02\/Ulysseus-Logo-01-MainVersion-2.png","width":3508,"height":2481,"caption":"Ulysseus"},"image":{"@id":"https:\/\/ulysseus.eu\/es\/#\/schema\/logo\/image\/"},"sameAs":["https:\/\/www.facebook.com\/UlysseusEuropeanUniversity\/","https:\/\/www.instagram.com\/ulysseus_eu\/"]}]}},"_links":{"self":[{"href":"https:\/\/ulysseus.eu\/es\/wp-json\/wp\/v2\/news\/93044","targetHints":{"allow":["GET"]}}],"collection":[{"href":"https:\/\/ulysseus.eu\/es\/wp-json\/wp\/v2\/news"}],"about":[{"href":"https:\/\/ulysseus.eu\/es\/wp-json\/wp\/v2\/types\/news"}],"replies":[{"embeddable":true,"href":"https:\/\/ulysseus.eu\/es\/wp-json\/wp\/v2\/comments?post=93044"}],"version-history":[{"count":1,"href":"https:\/\/ulysseus.eu\/es\/wp-json\/wp\/v2\/news\/93044\/revisions"}],"predecessor-version":[{"id":93045,"href":"https:\/\/ulysseus.eu\/es\/wp-json\/wp\/v2\/news\/93044\/revisions\/93045"}],"wp:featuredmedia":[{"embeddable":true,"href":"https:\/\/ulysseus.eu\/es\/wp-json\/wp\/v2\/media\/85750"}],"wp:attachment":[{"href":"https:\/\/ulysseus.eu\/es\/wp-json\/wp\/v2\/media?parent=93044"}],"wp:term":[{"taxonomy":"post_tag","embeddable":true,"href":"https:\/\/ulysseus.eu\/es\/wp-json\/wp\/v2\/tags?post=93044"}],"curies":[{"name":"wp","href":"https:\/\/api.w.org\/{rel}","templated":true}]}}