{"id":42076,"date":"2022-04-28T11:11:48","date_gmt":"2022-04-28T09:11:48","guid":{"rendered":"https:\/\/ulysseus.eu\/news\/el-equipo-del-proyecto-compass-se-reune-en-kosice-para-analizar-los-avances-realizados-en-la-futura-agenda-y-estrategia-de-investigacion-e-innovacion-de-ulysseus\/"},"modified":"2022-04-28T11:11:48","modified_gmt":"2022-04-28T09:11:48","slug":"el-equipo-del-proyecto-compass-se-reune-en-kosice-para-analizar-los-avances-realizados-en-la-futura-agenda-y-estrategia-de-investigacion-e-innovacion-de-ulysseus","status":"publish","type":"news","link":"https:\/\/ulysseus.eu\/es\/news\/el-equipo-del-proyecto-compass-se-reune-en-kosice-para-analizar-los-avances-realizados-en-la-futura-agenda-y-estrategia-de-investigacion-e-innovacion-de-ulysseus\/","title":{"rendered":"El equipo del proyecto COMPASS se re\u00fane en Ko\u0161ice para analizar los avances realizados en la futura agenda y estrategia de investigaci\u00f3n e innovaci\u00f3n de Ulysseus"},"content":{"rendered":"<p><strong>El 27 de abril,<\/strong> representantes de las distintas universidades integrantes de la alianza Ulysseus asistieron a un foro del proyecto COMPASS en la Universidad T\u00e9cnica de Ko\u0161ice en Eslovaquia.<\/p>\n<p>En esta ocasi\u00f3n, miembros de <strong>diferentes grupos de trabajo se reunieron para abordar varios temas del proyecto entre los que se incluyen el estado de la agenda y estrategia de Investigaci\u00f3n e Innovaci\u00f3n de Ulysseus, la innovaci\u00f3n digital, la agenda de g\u00e9nero, recursos de Ciencia Abierta y la propuesta para transformar los Polos de Innovaci\u00f3n de Ulysseus en el ERA Hubs, entre otros.<\/strong><\/p>\n<h2>Estrategia de Investigaci\u00f3n e Innovaci\u00f3n<\/h2>\n<p>La Universidad de Sevilla present\u00f3 en este encuentro el trabajo realizado durante los \u00faltimos meses encaminado al desarrollo de la Estrategia de Investigaci\u00f3n e Innovaci\u00f3n de Ulysseus.<\/p>\n<p><strong>Durante los \u00faltimos meses se ha trabajado en la identificaci\u00f3n de capacidades, sinergias y barreras a trav\u00e9s de un ejercicio de recogida de informaci\u00f3n. Se han realizado encuestas, entrevistas y un an\u00e1lisis de fortalezas, debilidades, oportunidades y amenazas (DAFO). Gracias a ello, se han detectado una serie de problemas, desde el desarrollo de implementaci\u00f3n de las estrategias de investigaci\u00f3n e innovaci\u00f3n para las diferentes especialidades hasta las necesidades y deseos para Ulysseus.<\/strong><\/p>\n<p><strong>El objetivo general de Ulysseus es desarrollar un ecosistema de innovaci\u00f3n que permita encontrar soluciones a los problemas clave de las empresas y la sociedad a trav\u00e9s de un enfoque multidisciplinario<\/strong>. El foco dentro de la I&amp;D de Ulysseus son los Polos de Innovaci\u00f3n. Aunque las grandes \u00e1reas tem\u00e1ticas generales de cada uno de los polos han sido ya definidas, es necesario que se aprovechen las distintas capacidades disponibles en las universidades integrantes de la alianza.<\/p>\n<p><img loading=\"lazy\" decoding=\"async\" class=\"aligncenter wp-image-22571 size-large\" src=\"https:\/\/ulysseus.eu\/wp-content\/uploads\/2022\/04\/3-1-1-1024x576.jpg\" alt=\"\" width=\"1024\" height=\"576\" srcset=\"https:\/\/ulysseus.eu\/wp-content\/uploads\/2022\/04\/3-1-1-1024x576.jpg 1024w, https:\/\/ulysseus.eu\/wp-content\/uploads\/2022\/04\/3-1-1-300x169.jpg 300w, https:\/\/ulysseus.eu\/wp-content\/uploads\/2022\/04\/3-1-1-1536x864.jpg 1536w, https:\/\/ulysseus.eu\/wp-content\/uploads\/2022\/04\/3-1-1-1200x675.jpg 1200w, https:\/\/ulysseus.eu\/wp-content\/uploads\/2022\/04\/3-1-1.jpg 1920w\" sizes=\"auto, (max-width: 1024px) 100vw, 1024px\" \/><\/p>\n<h2>Agenda de G\u00e9nero para la Transformaci\u00f3n de las Universidades<\/h2>\n<p><strong>La Agenda de G\u00e9nero de I+D de Ulysseus fue tambi\u00e9n un tema clave durante el foro<\/strong>. La Universidad de G\u00e9nova, l\u00edder del paquete de trabajo de Investigaci\u00f3n e Innovaci\u00f3n Responsable dentro de COMPASS, es responsable del desarrollo de la Gu\u00eda de la Agenda de G\u00e9nero para la Transformaci\u00f3n de las Universidades de Ulysseus.<strong> Este documento establecer\u00e1 una gu\u00eda de buenas pr\u00e1cticas para incluir la Agenda de G\u00e9nero de I+D+i en la educaci\u00f3n superior e incorporar\u00e1 la perspectiva de g\u00e9nero en las convocatorias y propuestas de Ulysseus, los planes de igualdad, el establecimiento de procesos para resolver las problem\u00e1ticas de g\u00e9nero y el uso del lenguaje y materiales visuales inclusivos en cualquier proyecto cient\u00edfico, entre otros.<\/strong><\/p>\n<p>Tanto la Gu\u00eda de la Agenda de G\u00e9nero para la Transformaci\u00f3n de las Universidades de Ulysseus como la estrategia de I+D+i de Ulysseus ver\u00e1n la luz en junio de 2022, marcando as\u00ed el primer a\u00f1o de andadura del proyecto \u201cCOMPASS: Leading Ulysseus to Become a European University excellent model through Research and Innovation\u201d.<\/p>\n<p><img loading=\"lazy\" decoding=\"async\" class=\"aligncenter wp-image-22550 size-large\" src=\"https:\/\/ulysseus.eu\/wp-content\/uploads\/2022\/04\/2-1-1-1024x576.jpg\" alt=\"\" width=\"1024\" height=\"576\" srcset=\"https:\/\/ulysseus.eu\/wp-content\/uploads\/2022\/04\/2-1-1-1024x576.jpg 1024w, https:\/\/ulysseus.eu\/wp-content\/uploads\/2022\/04\/2-1-1-300x169.jpg 300w, https:\/\/ulysseus.eu\/wp-content\/uploads\/2022\/04\/2-1-1-1536x864.jpg 1536w, https:\/\/ulysseus.eu\/wp-content\/uploads\/2022\/04\/2-1-1-1200x675.jpg 1200w, https:\/\/ulysseus.eu\/wp-content\/uploads\/2022\/04\/2-1-1.jpg 1920w\" sizes=\"auto, (max-width: 1024px) 100vw, 1024px\" \/><\/p>\n<h2>Hacia la transformaci\u00f3n de los Polos de Innovaci\u00f3n de Ulysseus en ERA Hubs<\/h2>\n<p><strong>La Universidad T\u00e9cnica de Ko\u0161ice y la Universit\u00e9 C\u00f4te d\u2019Azur expusieron conjuntamente un repaso sobre las labores desarrolladas para explorar y superar barreras para transformar los Polos de Innovaci\u00f3n de Ulysseus para su acreditaci\u00f3n como ERA Hubs.<\/strong> Para ello, han evaluado la viabilidad de estos polos en diferentes ecosistemas de innovaci\u00f3n, asegurando la interoperatividad a nivel local, regional, nacional e internacional, incrementando la accesibilidad de los polos a trav\u00e9s de sistemas abiertos y desarrollando herramientas para ayudar a otros a replicar el concepto de Ulysseus.<\/p>\n<p><img loading=\"lazy\" decoding=\"async\" class=\"size-large wp-image-22564 aligncenter\" src=\"https:\/\/ulysseus.eu\/wp-content\/uploads\/2022\/04\/5-1024x576.jpg\" alt=\"\" width=\"800\" height=\"450\" srcset=\"https:\/\/ulysseus.eu\/wp-content\/uploads\/2022\/04\/5-1024x576.jpg 1024w, https:\/\/ulysseus.eu\/wp-content\/uploads\/2022\/04\/5-300x169.jpg 300w, https:\/\/ulysseus.eu\/wp-content\/uploads\/2022\/04\/5-1536x864.jpg 1536w, https:\/\/ulysseus.eu\/wp-content\/uploads\/2022\/04\/5-1200x675.jpg 1200w, https:\/\/ulysseus.eu\/wp-content\/uploads\/2022\/04\/5.jpg 1920w\" sizes=\"auto, (max-width: 800px) 100vw, 800px\" \/><\/p>\n<h2>Sobre COMPASS<\/h2>\n<p><em>COMPASS: Leading Ulysseus to become a European University excellence model through Research and Innovation<\/em> es un proyecto de Horizonte 2020 y el buque insignia de la agenda y estrategia de I+D de Ulysseus. Esta acci\u00f3n, que se enmarca en el programa Ciencia con y para la Sociedad de Horizonte 2020 (SwafS), facilitar\u00e1 el proceso de transformaci\u00f3n de Ulysseus hacia una universidad europea a trav\u00e9s de una estrategia com\u00fan de I+i que a su vez consolidar\u00e1 su Ecosistema de Innovaci\u00f3n.<\/p>\n","protected":false},"featured_media":43249,"comment_status":"closed","ping_status":"closed","template":"","tags":[41,57,63,96],"class_list":["post-42076","news","type-news","status-publish","has-post-thumbnail","hentry","tag-compass","tag-kosice","tag-research-and-innovation","tag-tuke"],"acf":[],"yoast_head":"<!-- This site is optimized with the Yoast SEO plugin v27.1.1 - https:\/\/yoast.com\/product\/yoast-seo-wordpress\/ -->\n<title>El equipo del proyecto COMPASS se re\u00fane en Ko\u0161ice para analizar los avances realizados en la futura agenda y estrategia de investigaci\u00f3n e innovaci\u00f3n de Ulysseus - Ulysseus<\/title>\n<meta name=\"description\" content=\"COMPASS project team meets at a forum in Ko\u0161ice to review the progress made in the development in Ulysseus\u2019 agenda and strategy\" \/>\n<meta name=\"robots\" content=\"index, follow, max-snippet:-1, max-image-preview:large, max-video-preview:-1\" \/>\n<link rel=\"canonical\" href=\"https:\/\/ulysseus.eu\/es\/news\/el-equipo-del-proyecto-compass-se-reune-en-kosice-para-analizar-los-avances-realizados-en-la-futura-agenda-y-estrategia-de-investigacion-e-innovacion-de-ulysseus\/\" \/>\n<meta property=\"og:locale\" content=\"es_ES\" \/>\n<meta property=\"og:type\" content=\"article\" \/>\n<meta property=\"og:title\" content=\"El equipo del proyecto COMPASS se re\u00fane en Ko\u0161ice para analizar los avances realizados en la futura agenda y estrategia de investigaci\u00f3n e innovaci\u00f3n de Ulysseus - Ulysseus\" \/>\n<meta property=\"og:description\" content=\"COMPASS project team meets at a forum in Ko\u0161ice to review the progress made in the development in Ulysseus\u2019 agenda and strategy\" \/>\n<meta property=\"og:url\" content=\"https:\/\/ulysseus.eu\/es\/news\/el-equipo-del-proyecto-compass-se-reune-en-kosice-para-analizar-los-avances-realizados-en-la-futura-agenda-y-estrategia-de-investigacion-e-innovacion-de-ulysseus\/\" \/>\n<meta property=\"og:site_name\" content=\"Ulysseus\" \/>\n<meta property=\"og:image\" content=\"https:\/\/ulysseus.eu\/wp-content\/uploads\/2022\/04\/1-1-1.jpg\" \/>\n\t<meta property=\"og:image:width\" content=\"1920\" \/>\n\t<meta property=\"og:image:height\" content=\"1080\" \/>\n\t<meta property=\"og:image:type\" content=\"image\/jpeg\" \/>\n<meta name=\"twitter:card\" content=\"summary_large_image\" \/>\n<meta name=\"twitter:label1\" content=\"Tiempo de lectura\" \/>\n\t<meta name=\"twitter:data1\" content=\"3 minutos\" \/>\n<script type=\"application\/ld+json\" class=\"yoast-schema-graph\">{\"@context\":\"https:\/\/schema.org\",\"@graph\":[{\"@type\":\"WebPage\",\"@id\":\"https:\/\/ulysseus.eu\/es\/news\/el-equipo-del-proyecto-compass-se-reune-en-kosice-para-analizar-los-avances-realizados-en-la-futura-agenda-y-estrategia-de-investigacion-e-innovacion-de-ulysseus\/\",\"url\":\"https:\/\/ulysseus.eu\/es\/news\/el-equipo-del-proyecto-compass-se-reune-en-kosice-para-analizar-los-avances-realizados-en-la-futura-agenda-y-estrategia-de-investigacion-e-innovacion-de-ulysseus\/\",\"name\":\"El equipo del proyecto COMPASS se re\u00fane en Ko\u0161ice para analizar los avances realizados en la futura agenda y estrategia de investigaci\u00f3n e innovaci\u00f3n de Ulysseus - Ulysseus\",\"isPartOf\":{\"@id\":\"https:\/\/ulysseus.eu\/es\/#website\"},\"primaryImageOfPage\":{\"@id\":\"https:\/\/ulysseus.eu\/es\/news\/el-equipo-del-proyecto-compass-se-reune-en-kosice-para-analizar-los-avances-realizados-en-la-futura-agenda-y-estrategia-de-investigacion-e-innovacion-de-ulysseus\/#primaryimage\"},\"image\":{\"@id\":\"https:\/\/ulysseus.eu\/es\/news\/el-equipo-del-proyecto-compass-se-reune-en-kosice-para-analizar-los-avances-realizados-en-la-futura-agenda-y-estrategia-de-investigacion-e-innovacion-de-ulysseus\/#primaryimage\"},\"thumbnailUrl\":\"https:\/\/ulysseus.eu\/wp-content\/uploads\/2022\/04\/1-1-1.jpg\",\"datePublished\":\"2022-04-28T09:11:48+00:00\",\"description\":\"COMPASS project team meets at a forum in Ko\u0161ice to review the progress made in the development in Ulysseus\u2019 agenda and strategy\",\"inLanguage\":\"es\",\"potentialAction\":[{\"@type\":\"ReadAction\",\"target\":[\"https:\/\/ulysseus.eu\/es\/news\/el-equipo-del-proyecto-compass-se-reune-en-kosice-para-analizar-los-avances-realizados-en-la-futura-agenda-y-estrategia-de-investigacion-e-innovacion-de-ulysseus\/\"]}]},{\"@type\":\"ImageObject\",\"inLanguage\":\"es\",\"@id\":\"https:\/\/ulysseus.eu\/es\/news\/el-equipo-del-proyecto-compass-se-reune-en-kosice-para-analizar-los-avances-realizados-en-la-futura-agenda-y-estrategia-de-investigacion-e-innovacion-de-ulysseus\/#primaryimage\",\"url\":\"https:\/\/ulysseus.eu\/wp-content\/uploads\/2022\/04\/1-1-1.jpg\",\"contentUrl\":\"https:\/\/ulysseus.eu\/wp-content\/uploads\/2022\/04\/1-1-1.jpg\",\"width\":1920,\"height\":1080},{\"@type\":\"WebSite\",\"@id\":\"https:\/\/ulysseus.eu\/es\/#website\",\"url\":\"https:\/\/ulysseus.eu\/es\/\",\"name\":\"Ulysseus\",\"description\":\"European University\",\"publisher\":{\"@id\":\"https:\/\/ulysseus.eu\/es\/#organization\"},\"potentialAction\":[{\"@type\":\"SearchAction\",\"target\":{\"@type\":\"EntryPoint\",\"urlTemplate\":\"https:\/\/ulysseus.eu\/es\/?s={search_term_string}\"},\"query-input\":{\"@type\":\"PropertyValueSpecification\",\"valueRequired\":true,\"valueName\":\"search_term_string\"}}],\"inLanguage\":\"es\"},{\"@type\":\"Organization\",\"@id\":\"https:\/\/ulysseus.eu\/es\/#organization\",\"name\":\"Ulysseus\",\"alternateName\":\"European University\",\"url\":\"https:\/\/ulysseus.eu\/es\/\",\"logo\":{\"@type\":\"ImageObject\",\"inLanguage\":\"es\",\"@id\":\"https:\/\/ulysseus.eu\/es\/#\/schema\/logo\/image\/\",\"url\":\"https:\/\/ulysseus.eu\/wp-content\/uploads\/2022\/02\/Ulysseus-Logo-01-MainVersion-2.png\",\"contentUrl\":\"https:\/\/ulysseus.eu\/wp-content\/uploads\/2022\/02\/Ulysseus-Logo-01-MainVersion-2.png\",\"width\":3508,\"height\":2481,\"caption\":\"Ulysseus\"},\"image\":{\"@id\":\"https:\/\/ulysseus.eu\/es\/#\/schema\/logo\/image\/\"}}]}<\/script>\n<!-- \/ Yoast SEO plugin. -->","yoast_head_json":{"title":"El equipo del proyecto COMPASS se re\u00fane en Ko\u0161ice para analizar los avances realizados en la futura agenda y estrategia de investigaci\u00f3n e innovaci\u00f3n de Ulysseus - Ulysseus","description":"COMPASS project team meets at a forum in Ko\u0161ice to review the progress made in the development in Ulysseus\u2019 agenda and strategy","robots":{"index":"index","follow":"follow","max-snippet":"max-snippet:-1","max-image-preview":"max-image-preview:large","max-video-preview":"max-video-preview:-1"},"canonical":"https:\/\/ulysseus.eu\/es\/news\/el-equipo-del-proyecto-compass-se-reune-en-kosice-para-analizar-los-avances-realizados-en-la-futura-agenda-y-estrategia-de-investigacion-e-innovacion-de-ulysseus\/","og_locale":"es_ES","og_type":"article","og_title":"El equipo del proyecto COMPASS se re\u00fane en Ko\u0161ice para analizar los avances realizados en la futura agenda y estrategia de investigaci\u00f3n e innovaci\u00f3n de Ulysseus - Ulysseus","og_description":"COMPASS project team meets at a forum in Ko\u0161ice to review the progress made in the development in Ulysseus\u2019 agenda and strategy","og_url":"https:\/\/ulysseus.eu\/es\/news\/el-equipo-del-proyecto-compass-se-reune-en-kosice-para-analizar-los-avances-realizados-en-la-futura-agenda-y-estrategia-de-investigacion-e-innovacion-de-ulysseus\/","og_site_name":"Ulysseus","og_image":[{"width":1920,"height":1080,"url":"https:\/\/ulysseus.eu\/wp-content\/uploads\/2022\/04\/1-1-1.jpg","type":"image\/jpeg"}],"twitter_card":"summary_large_image","twitter_misc":{"Tiempo de lectura":"3 minutos"},"schema":{"@context":"https:\/\/schema.org","@graph":[{"@type":"WebPage","@id":"https:\/\/ulysseus.eu\/es\/news\/el-equipo-del-proyecto-compass-se-reune-en-kosice-para-analizar-los-avances-realizados-en-la-futura-agenda-y-estrategia-de-investigacion-e-innovacion-de-ulysseus\/","url":"https:\/\/ulysseus.eu\/es\/news\/el-equipo-del-proyecto-compass-se-reune-en-kosice-para-analizar-los-avances-realizados-en-la-futura-agenda-y-estrategia-de-investigacion-e-innovacion-de-ulysseus\/","name":"El equipo del proyecto COMPASS se re\u00fane en Ko\u0161ice para analizar los avances realizados en la futura agenda y estrategia de investigaci\u00f3n e innovaci\u00f3n de Ulysseus - Ulysseus","isPartOf":{"@id":"https:\/\/ulysseus.eu\/es\/#website"},"primaryImageOfPage":{"@id":"https:\/\/ulysseus.eu\/es\/news\/el-equipo-del-proyecto-compass-se-reune-en-kosice-para-analizar-los-avances-realizados-en-la-futura-agenda-y-estrategia-de-investigacion-e-innovacion-de-ulysseus\/#primaryimage"},"image":{"@id":"https:\/\/ulysseus.eu\/es\/news\/el-equipo-del-proyecto-compass-se-reune-en-kosice-para-analizar-los-avances-realizados-en-la-futura-agenda-y-estrategia-de-investigacion-e-innovacion-de-ulysseus\/#primaryimage"},"thumbnailUrl":"https:\/\/ulysseus.eu\/wp-content\/uploads\/2022\/04\/1-1-1.jpg","datePublished":"2022-04-28T09:11:48+00:00","description":"COMPASS project team meets at a forum in Ko\u0161ice to review the progress made in the development in Ulysseus\u2019 agenda and strategy","inLanguage":"es","potentialAction":[{"@type":"ReadAction","target":["https:\/\/ulysseus.eu\/es\/news\/el-equipo-del-proyecto-compass-se-reune-en-kosice-para-analizar-los-avances-realizados-en-la-futura-agenda-y-estrategia-de-investigacion-e-innovacion-de-ulysseus\/"]}]},{"@type":"ImageObject","inLanguage":"es","@id":"https:\/\/ulysseus.eu\/es\/news\/el-equipo-del-proyecto-compass-se-reune-en-kosice-para-analizar-los-avances-realizados-en-la-futura-agenda-y-estrategia-de-investigacion-e-innovacion-de-ulysseus\/#primaryimage","url":"https:\/\/ulysseus.eu\/wp-content\/uploads\/2022\/04\/1-1-1.jpg","contentUrl":"https:\/\/ulysseus.eu\/wp-content\/uploads\/2022\/04\/1-1-1.jpg","width":1920,"height":1080},{"@type":"WebSite","@id":"https:\/\/ulysseus.eu\/es\/#website","url":"https:\/\/ulysseus.eu\/es\/","name":"Ulysseus","description":"European University","publisher":{"@id":"https:\/\/ulysseus.eu\/es\/#organization"},"potentialAction":[{"@type":"SearchAction","target":{"@type":"EntryPoint","urlTemplate":"https:\/\/ulysseus.eu\/es\/?s={search_term_string}"},"query-input":{"@type":"PropertyValueSpecification","valueRequired":true,"valueName":"search_term_string"}}],"inLanguage":"es"},{"@type":"Organization","@id":"https:\/\/ulysseus.eu\/es\/#organization","name":"Ulysseus","alternateName":"European University","url":"https:\/\/ulysseus.eu\/es\/","logo":{"@type":"ImageObject","inLanguage":"es","@id":"https:\/\/ulysseus.eu\/es\/#\/schema\/logo\/image\/","url":"https:\/\/ulysseus.eu\/wp-content\/uploads\/2022\/02\/Ulysseus-Logo-01-MainVersion-2.png","contentUrl":"https:\/\/ulysseus.eu\/wp-content\/uploads\/2022\/02\/Ulysseus-Logo-01-MainVersion-2.png","width":3508,"height":2481,"caption":"Ulysseus"},"image":{"@id":"https:\/\/ulysseus.eu\/es\/#\/schema\/logo\/image\/"}}]}},"_links":{"self":[{"href":"https:\/\/ulysseus.eu\/es\/wp-json\/wp\/v2\/news\/42076","targetHints":{"allow":["GET"]}}],"collection":[{"href":"https:\/\/ulysseus.eu\/es\/wp-json\/wp\/v2\/news"}],"about":[{"href":"https:\/\/ulysseus.eu\/es\/wp-json\/wp\/v2\/types\/news"}],"replies":[{"embeddable":true,"href":"https:\/\/ulysseus.eu\/es\/wp-json\/wp\/v2\/comments?post=42076"}],"version-history":[{"count":0,"href":"https:\/\/ulysseus.eu\/es\/wp-json\/wp\/v2\/news\/42076\/revisions"}],"wp:featuredmedia":[{"embeddable":true,"href":"https:\/\/ulysseus.eu\/es\/wp-json\/wp\/v2\/media\/43249"}],"wp:attachment":[{"href":"https:\/\/ulysseus.eu\/es\/wp-json\/wp\/v2\/media?parent=42076"}],"wp:term":[{"taxonomy":"post_tag","embeddable":true,"href":"https:\/\/ulysseus.eu\/es\/wp-json\/wp\/v2\/tags?post=42076"}],"curies":[{"name":"wp","href":"https:\/\/api.w.org\/{rel}","templated":true}]}}